{"id":3275,"date":"2022-07-11T11:33:15","date_gmt":"2022-07-11T09:33:15","guid":{"rendered":"https:\/\/fteval.osulzer.at\/2022\/07\/11\/einladung-zum-seminar-und-workshop-futures-literacy-for-next-generation-ri-policy\/"},"modified":"2022-07-11T11:34:18","modified_gmt":"2022-07-11T09:34:18","slug":"einladung-zum-seminar-und-workshop-futures-literacy-for-next-generation-ri-policy","status":"publish","type":"post","link":"https:\/\/fteval.at\/en\/einladung-zum-seminar-und-workshop-futures-literacy-for-next-generation-ri-policy\/","title":{"rendered":"Invitation to seminar and workshop \u201eFutures Literacy for next-generation R&#038;I Policy\u201d"},"content":{"rendered":"<div id=\"newsEntryContent\">\n<div class=\"paddedText\">\n<div class=\"mainText\">\n<div id=\"newsEntryContent\">\n<div class=\"paddedText\">\n<div class=\"mainText\">\n<p><strong>Date\/Place: Wien, 3. April 2019, 10:00 -17:00, Impact Hub, Lindengasse 56, 1070 Wien<\/strong><\/p>\n<p><strong>The event will be held in German. Information only available in German.<\/strong><\/p>\n<p>Organisiert von AIT Austrian Institute of Technology, Joanneum Research und der \u00d6sterreichischen Plattform f\u00fcr Forschungs- und Technologiepolitikevaluierung in Kooperation mit UNESCO. Was die Zukunft bringt, scheint f\u00fcr viele Menschen mit immer gr\u00f6\u00dferer Unsicherheit verbunden zu sein. Wir leben in einer komplexen, sich rasch ver\u00e4ndernden Welt. Daraus ergibt sich ein steigender Bedarf an strukturierter Antizipation von m\u00f6glichen Zukunftspfaden, die unsere gegenw\u00e4rtigen Praktiken und Institutionen in Frage stellen k\u00f6nnen. Dieses Ph\u00e4nomen l\u00e4sst sich besonders im Umfeld der Forschungs- und Innovationspolitik beobachten. Sie ist zunehmend gefordert, Zukunftsentwicklungen anzusto\u00dfen, die zum Nutzen der Gesellschaft sind, und Innovationen umfassen, die sowohl technologische Entwicklungen als auch organisationale und institutionelle Komponenten enthalten.<\/p>\n<p>Eine Folge daraus ist der Wandel hin zu einer neuen Generation von Forschungs- und Innovationspolitik, die mehr Gewicht auf den gesellschaftlichen Nutzen von Forschung und die Ausrichtung von Innovationsaktivit\u00e4ten auf l\u00e4ngerfristige Ziele legt (\u201eMissionsorientierung\u201c). Um diese Neuausrichtung zu erreichen, bieten sich Verfahren der \u201eantizipativen Intelligenz\u201c (anticipatory intelligence) an, die in den letzten Jahren insbesondere von der UNESCO vorangetrieben wurden.<br \/>\nPionier der Denkrichtung und Head of Futures Literacy der UNESCO ist Riel Miller, der seit vielen Jahren Institutionen und verschiedene Regierungsabteilungen in der Neuausrichtung ihrer Zukunftsstrategien unterst\u00fctzt.<\/p>\n<p>Der Workshop in Wien soll M\u00f6glichkeiten aufzeigen, mithilfe von Futures-Literacy-Methoden etablierte Annahmen der gegenw\u00e4rtigen Forschungs- und Innovationspolitik zu hinterfragen, Blockaden zu \u00fcberwinden und neue Pfade zu gestalten. Im Zentrum der Diskussion stehen dabei folgende Fragen:<\/p>\n<ul>\n<li>(Warum) brauchen wir ein System der \u201eanticipatory intelligence\u201c?<\/li>\n<li>Wie l\u00e4sst sich \u201eFutures Literacy\u201c in Prozesse und Organisationen integrieren?<\/li>\n<li>Wie kann \u201eFutures Literacy\u201c zu einer zukunftsweisenden Forschungs- und Innovationspolitik<br \/>\nauf europ\u00e4ischer wie auch auf nationaler Ebene beitragen?<\/li>\n<\/ul>\n<p>Die Veranstaltung beinhaltet am Vormittag eine Keynote von Riel Miller zu den Erfahrungen der UNESCO mit Futures Literacy und Inputs zur Zukunftsorientierung von Forschungs- und Innovationspolitiken in Finnland und \u00d6sterreich. Der Nachmittag ist der intensiveren Besch\u00e4ftigung mit Futures Literacy als erlebbare Praxis am Beispiel der Forschungs- und Innovationspolitik gewidmet.<\/p>\n<p>Die Veranstaltung richtet sich an ExpertInnen der Forschungs- und Innovationspolitik, politische EntscheiderInnen, ForscherInnen, Ministerien, Projekttr\u00e4ger und Forschungsorganisationen ebenso wie an Sozialpartner und soziale Organisationen.<\/p>\n<p><strong>Anmeldung bitte bis zum 27.03.2019 mit Angabe Ihres Namens, Email-Adresse und Organisation an<\/strong><br \/>\n<a href=\"mailto:beatrice.rath@ait.ac.at\">beatrice.rath@ait.ac.at<\/a><\/p>\n<p><strong>Disclamier\/Datenschutz:<\/strong>\u00a0Ihre Daten werden f\u00fcr die Organisation des Workshops verarbeitet. Nach der Durchf\u00fchrung des Workshops werden Ihre Daten wieder gel\u00f6scht. Mit der Anmeldung zu diesem Workshop stimmen Sie der Datenverarbeitung f\u00fcr diese(n) Zweck(e) zu. Ihre Daten werden zum Zwecke der Workshoporganisation auch an unsere Projektpartner Joanneum Research und fteval weitergegeben. Falls Sie in Zukunft keine Emails von uns erhalten m\u00f6chten, schicken Sie bitte eine Nachricht an\u00a0<strong><a href=\"mailto:beatrice.rath@ait.ac.at\">beatrice.rath@ait.ac.at<\/a>.<\/strong>\u00a0F\u00fcr die Verarbeitung Ihrer personenbezogenen Daten im Zusammenhang mit der Veranstaltungsorganisation verantwortlich ist AIT Austrian Institute of Technology GmbH. Weitere Informationen zum Datenschutz finden Sie unter:\u00a0<a title=\"https:\/\/www.ait.ac.at\/disclaimer-data-protection\/\" href=\"https:\/\/www.ait.ac.at\/disclaimer-data-protection\/\">https:\/\/www.ait.ac.at\/disclaimer-data-protection\/<\/a><\/p>\n<p>&nbsp;<\/p>\n<\/div>\n<\/div>\n<\/div>\n<div class=\"downloadList\">\n<p><b>Downloads:<\/b><\/p>\n<p><a title=\"Einladung und Agenda der Veranstaltung\" href=\"https:\/\/fteval.at\/content_old\/home\/news\/futuresliteracy\/WS-Futures-Literacy_190313-1.pdf\">Einladung und Agenda der Veranstaltung<\/a><\/p>\n<p><a title=\"AIT_slides_April_03_2019_Riel_Miller\" href=\"https:\/\/fteval.at\/content_old\/home\/news\/futuresliteracy\/AIT_Vienna_April_3_2019_Riel_Miller.pdf\">AIT_slides_April_03_2019_Riel_Miller<\/a><\/p>\n<p><a title=\"recent developments in Thinking about the Future - An Overview for Policy Makers\" href=\"https:\/\/fteval.at\/content_old\/home\/news\/futuresliteracy\/RecentDevelopmentsinThinkingabouttheFutureAnOverviewforPolicymakers-byRi....pdf\">recent developments in Thinking about the Future &#8211; An Overview for Policy Makers<\/a><\/p>\n<p><a title=\"Zusammenfassung\/conclusions\" href=\"https:\/\/fteval.at\/content_old\/home\/news\/futuresliteracy\/Futures_Literacy_WS_ZusammenfassungNM.pdf\">Zusammenfassung\/conclusions<\/a><\/p>\n<\/div>\n<\/div>\n<\/div>\n<\/div>\n<div class=\"downloadList\"><\/div>\n","protected":false},"excerpt":{"rendered":"<p>Date\/Place: Wien, 3. April 2019, 10:00 -17:00, Impact Hub, Lindengasse 56, 1070 Wien The event will be held in German. Information only available in German. Organisiert von AIT Austrian Institute of Technology, Joanneum Research und der \u00d6sterreichischen Plattform f\u00fcr Forschungs- und Technologiepolitikevaluierung in Kooperation mit UNESCO. Was die Zukunft bringt, scheint f\u00fcr viele Menschen mit immer gr\u00f6\u00dferer Unsicherheit verbunden zu sein. Wir leben in einer komplexen, sich rasch ver\u00e4ndernden Welt. Daraus ergibt sich ein steigender Bedarf an strukturierter Antizipation von m\u00f6glichen Zukunftspfaden, die unsere gegenw\u00e4rtigen Praktiken und Institutionen in Frage stellen k\u00f6nnen. Dieses Ph\u00e4nomen l\u00e4sst sich besonders im Umfeld der Forschungs- <a href=\"https:\/\/fteval.at\/en\/einladung-zum-seminar-und-workshop-futures-literacy-for-next-generation-ri-policy\/\"> [&#8230;]<\/a><\/p>\n","protected":false},"author":1,"featured_media":3274,"comment_status":"open","ping_status":"open","sticky":false,"template":"","format":"standard","meta":{"_acf_changed":false,"footnotes":""},"categories":[25],"tags":[],"class_list":["post-3275","post","type-post","status-publish","format-standard","has-post-thumbnail","hentry","category-uncategorized"],"acf":[],"yoast_head":"<!-- This site is optimized with the Yoast SEO plugin v27.4 - https:\/\/yoast.com\/product\/yoast-seo-wordpress\/ -->\n<title>Invitation to seminar and workshop \u201eFutures Literacy for next-generation R&amp;I Policy\u201d - fteval<\/title>\n<meta name=\"robots\" content=\"index, follow, max-snippet:-1, max-image-preview:large, max-video-preview:-1\" \/>\n<link rel=\"canonical\" href=\"https:\/\/fteval.at\/en\/einladung-zum-seminar-und-workshop-futures-literacy-for-next-generation-ri-policy\/\" \/>\n<meta property=\"og:locale\" content=\"en_US\" \/>\n<meta property=\"og:type\" content=\"article\" \/>\n<meta property=\"og:title\" content=\"Invitation to seminar and workshop \u201eFutures Literacy for next-generation R&amp;I Policy\u201d - fteval\" \/>\n<meta property=\"og:description\" content=\"Date\/Place: Wien, 3. April 2019, 10:00 -17:00, Impact Hub, Lindengasse 56, 1070 Wien The event will be held in German. Information only available in German. Organisiert von AIT Austrian Institute of Technology, Joanneum Research und der \u00d6sterreichischen Plattform f\u00fcr Forschungs- und Technologiepolitikevaluierung in Kooperation mit UNESCO. Was die Zukunft bringt, scheint f\u00fcr viele Menschen mit immer gr\u00f6\u00dferer Unsicherheit verbunden zu sein. Wir leben in einer komplexen, sich rasch ver\u00e4ndernden Welt. Daraus ergibt sich ein steigender Bedarf an strukturierter Antizipation von m\u00f6glichen Zukunftspfaden, die unsere gegenw\u00e4rtigen Praktiken und Institutionen in Frage stellen k\u00f6nnen. Dieses Ph\u00e4nomen l\u00e4sst sich besonders im Umfeld der Forschungs- [...]\" \/>\n<meta property=\"og:url\" content=\"https:\/\/fteval.at\/en\/einladung-zum-seminar-und-workshop-futures-literacy-for-next-generation-ri-policy\/\" \/>\n<meta property=\"og:site_name\" content=\"fteval\" \/>\n<meta property=\"article:published_time\" content=\"2022-07-11T09:33:15+00:00\" \/>\n<meta property=\"article:modified_time\" content=\"2022-07-11T09:34:18+00:00\" \/>\n<meta property=\"og:image\" content=\"https:\/\/fteval.at\/wp-content\/uploads\/2022\/07\/mjuhmgjvzy.png\" \/>\n\t<meta property=\"og:image:width\" content=\"198\" \/>\n\t<meta property=\"og:image:height\" content=\"200\" \/>\n\t<meta property=\"og:image:type\" content=\"image\/png\" \/>\n<meta name=\"author\" content=\"fteval_admin\" \/>\n<meta name=\"twitter:card\" content=\"summary_large_image\" \/>\n<meta name=\"twitter:label1\" content=\"Written by\" \/>\n\t<meta name=\"twitter:data1\" content=\"fteval_admin\" \/>\n\t<meta name=\"twitter:label2\" content=\"Est. reading time\" \/>\n\t<meta name=\"twitter:data2\" content=\"3 minutes\" \/>\n<script type=\"application\/ld+json\" class=\"yoast-schema-graph\">{\"@context\":\"https:\\\/\\\/schema.org\",\"@graph\":[{\"@type\":\"Article\",\"@id\":\"https:\\\/\\\/fteval.at\\\/en\\\/einladung-zum-seminar-und-workshop-futures-literacy-for-next-generation-ri-policy\\\/#article\",\"isPartOf\":{\"@id\":\"https:\\\/\\\/fteval.at\\\/en\\\/einladung-zum-seminar-und-workshop-futures-literacy-for-next-generation-ri-policy\\\/\"},\"author\":{\"name\":\"fteval_admin\",\"@id\":\"https:\\\/\\\/fteval.at\\\/en\\\/#\\\/schema\\\/person\\\/9dd4b1f5a0df0fcbacbccda837f0b3d6\"},\"headline\":\"Invitation to seminar and workshop \u201eFutures Literacy for next-generation R&#038;I Policy\u201d\",\"datePublished\":\"2022-07-11T09:33:15+00:00\",\"dateModified\":\"2022-07-11T09:34:18+00:00\",\"mainEntityOfPage\":{\"@id\":\"https:\\\/\\\/fteval.at\\\/en\\\/einladung-zum-seminar-und-workshop-futures-literacy-for-next-generation-ri-policy\\\/\"},\"wordCount\":543,\"commentCount\":0,\"image\":{\"@id\":\"https:\\\/\\\/fteval.at\\\/en\\\/einladung-zum-seminar-und-workshop-futures-literacy-for-next-generation-ri-policy\\\/#primaryimage\"},\"thumbnailUrl\":\"https:\\\/\\\/fteval.at\\\/wp-content\\\/uploads\\\/2022\\\/07\\\/mjuhmgjvzy.png\",\"inLanguage\":\"en-US\"},{\"@type\":\"WebPage\",\"@id\":\"https:\\\/\\\/fteval.at\\\/en\\\/einladung-zum-seminar-und-workshop-futures-literacy-for-next-generation-ri-policy\\\/\",\"url\":\"https:\\\/\\\/fteval.at\\\/en\\\/einladung-zum-seminar-und-workshop-futures-literacy-for-next-generation-ri-policy\\\/\",\"name\":\"Invitation to seminar and workshop \u201eFutures Literacy for next-generation R&I Policy\u201d - fteval\",\"isPartOf\":{\"@id\":\"https:\\\/\\\/fteval.at\\\/en\\\/#website\"},\"primaryImageOfPage\":{\"@id\":\"https:\\\/\\\/fteval.at\\\/en\\\/einladung-zum-seminar-und-workshop-futures-literacy-for-next-generation-ri-policy\\\/#primaryimage\"},\"image\":{\"@id\":\"https:\\\/\\\/fteval.at\\\/en\\\/einladung-zum-seminar-und-workshop-futures-literacy-for-next-generation-ri-policy\\\/#primaryimage\"},\"thumbnailUrl\":\"https:\\\/\\\/fteval.at\\\/wp-content\\\/uploads\\\/2022\\\/07\\\/mjuhmgjvzy.png\",\"datePublished\":\"2022-07-11T09:33:15+00:00\",\"dateModified\":\"2022-07-11T09:34:18+00:00\",\"author\":{\"@id\":\"https:\\\/\\\/fteval.at\\\/en\\\/#\\\/schema\\\/person\\\/9dd4b1f5a0df0fcbacbccda837f0b3d6\"},\"breadcrumb\":{\"@id\":\"https:\\\/\\\/fteval.at\\\/en\\\/einladung-zum-seminar-und-workshop-futures-literacy-for-next-generation-ri-policy\\\/#breadcrumb\"},\"inLanguage\":\"en-US\",\"potentialAction\":[{\"@type\":\"ReadAction\",\"target\":[\"https:\\\/\\\/fteval.at\\\/en\\\/einladung-zum-seminar-und-workshop-futures-literacy-for-next-generation-ri-policy\\\/\"]}]},{\"@type\":\"ImageObject\",\"inLanguage\":\"en-US\",\"@id\":\"https:\\\/\\\/fteval.at\\\/en\\\/einladung-zum-seminar-und-workshop-futures-literacy-for-next-generation-ri-policy\\\/#primaryimage\",\"url\":\"https:\\\/\\\/fteval.at\\\/wp-content\\\/uploads\\\/2022\\\/07\\\/mjuhmgjvzy.png\",\"contentUrl\":\"https:\\\/\\\/fteval.at\\\/wp-content\\\/uploads\\\/2022\\\/07\\\/mjuhmgjvzy.png\",\"width\":198,\"height\":200},{\"@type\":\"BreadcrumbList\",\"@id\":\"https:\\\/\\\/fteval.at\\\/en\\\/einladung-zum-seminar-und-workshop-futures-literacy-for-next-generation-ri-policy\\\/#breadcrumb\",\"itemListElement\":[{\"@type\":\"ListItem\",\"position\":1,\"name\":\"Home\",\"item\":\"https:\\\/\\\/fteval.at\\\/en\\\/\"},{\"@type\":\"ListItem\",\"position\":2,\"name\":\"Invitation to seminar and workshop \u201eFutures Literacy for next-generation R&#038;I Policy\u201d\"}]},{\"@type\":\"WebSite\",\"@id\":\"https:\\\/\\\/fteval.at\\\/en\\\/#website\",\"url\":\"https:\\\/\\\/fteval.at\\\/en\\\/\",\"name\":\"fteval\",\"description\":\"Austrian Platform for Research and Technology Policy Evaluation\",\"potentialAction\":[{\"@type\":\"SearchAction\",\"target\":{\"@type\":\"EntryPoint\",\"urlTemplate\":\"https:\\\/\\\/fteval.at\\\/en\\\/?s={search_term_string}\"},\"query-input\":{\"@type\":\"PropertyValueSpecification\",\"valueRequired\":true,\"valueName\":\"search_term_string\"}}],\"inLanguage\":\"en-US\"},{\"@type\":\"Person\",\"@id\":\"https:\\\/\\\/fteval.at\\\/en\\\/#\\\/schema\\\/person\\\/9dd4b1f5a0df0fcbacbccda837f0b3d6\",\"name\":\"fteval_admin\",\"sameAs\":[\"https:\\\/\\\/dev.osulzer.at\\\/fteval\"],\"url\":\"https:\\\/\\\/fteval.at\\\/en\\\/author\\\/fteval_admin\\\/\"}]}<\/script>\n<!-- \/ Yoast SEO plugin. -->","yoast_head_json":{"title":"Invitation to seminar and workshop \u201eFutures Literacy for next-generation R&I Policy\u201d - fteval","robots":{"index":"index","follow":"follow","max-snippet":"max-snippet:-1","max-image-preview":"max-image-preview:large","max-video-preview":"max-video-preview:-1"},"canonical":"https:\/\/fteval.at\/en\/einladung-zum-seminar-und-workshop-futures-literacy-for-next-generation-ri-policy\/","og_locale":"en_US","og_type":"article","og_title":"Invitation to seminar and workshop \u201eFutures Literacy for next-generation R&I Policy\u201d - fteval","og_description":"Date\/Place: Wien, 3. April 2019, 10:00 -17:00, Impact Hub, Lindengasse 56, 1070 Wien The event will be held in German. Information only available in German. Organisiert von AIT Austrian Institute of Technology, Joanneum Research und der \u00d6sterreichischen Plattform f\u00fcr Forschungs- und Technologiepolitikevaluierung in Kooperation mit UNESCO. Was die Zukunft bringt, scheint f\u00fcr viele Menschen mit immer gr\u00f6\u00dferer Unsicherheit verbunden zu sein. Wir leben in einer komplexen, sich rasch ver\u00e4ndernden Welt. Daraus ergibt sich ein steigender Bedarf an strukturierter Antizipation von m\u00f6glichen Zukunftspfaden, die unsere gegenw\u00e4rtigen Praktiken und Institutionen in Frage stellen k\u00f6nnen. Dieses Ph\u00e4nomen l\u00e4sst sich besonders im Umfeld der Forschungs- [...]","og_url":"https:\/\/fteval.at\/en\/einladung-zum-seminar-und-workshop-futures-literacy-for-next-generation-ri-policy\/","og_site_name":"fteval","article_published_time":"2022-07-11T09:33:15+00:00","article_modified_time":"2022-07-11T09:34:18+00:00","og_image":[{"width":198,"height":200,"url":"https:\/\/fteval.at\/wp-content\/uploads\/2022\/07\/mjuhmgjvzy.png","type":"image\/png"}],"author":"fteval_admin","twitter_card":"summary_large_image","twitter_misc":{"Written by":"fteval_admin","Est. reading time":"3 minutes"},"schema":{"@context":"https:\/\/schema.org","@graph":[{"@type":"Article","@id":"https:\/\/fteval.at\/en\/einladung-zum-seminar-und-workshop-futures-literacy-for-next-generation-ri-policy\/#article","isPartOf":{"@id":"https:\/\/fteval.at\/en\/einladung-zum-seminar-und-workshop-futures-literacy-for-next-generation-ri-policy\/"},"author":{"name":"fteval_admin","@id":"https:\/\/fteval.at\/en\/#\/schema\/person\/9dd4b1f5a0df0fcbacbccda837f0b3d6"},"headline":"Invitation to seminar and workshop \u201eFutures Literacy for next-generation R&#038;I Policy\u201d","datePublished":"2022-07-11T09:33:15+00:00","dateModified":"2022-07-11T09:34:18+00:00","mainEntityOfPage":{"@id":"https:\/\/fteval.at\/en\/einladung-zum-seminar-und-workshop-futures-literacy-for-next-generation-ri-policy\/"},"wordCount":543,"commentCount":0,"image":{"@id":"https:\/\/fteval.at\/en\/einladung-zum-seminar-und-workshop-futures-literacy-for-next-generation-ri-policy\/#primaryimage"},"thumbnailUrl":"https:\/\/fteval.at\/wp-content\/uploads\/2022\/07\/mjuhmgjvzy.png","inLanguage":"en-US"},{"@type":"WebPage","@id":"https:\/\/fteval.at\/en\/einladung-zum-seminar-und-workshop-futures-literacy-for-next-generation-ri-policy\/","url":"https:\/\/fteval.at\/en\/einladung-zum-seminar-und-workshop-futures-literacy-for-next-generation-ri-policy\/","name":"Invitation to seminar and workshop \u201eFutures Literacy for next-generation R&I Policy\u201d - fteval","isPartOf":{"@id":"https:\/\/fteval.at\/en\/#website"},"primaryImageOfPage":{"@id":"https:\/\/fteval.at\/en\/einladung-zum-seminar-und-workshop-futures-literacy-for-next-generation-ri-policy\/#primaryimage"},"image":{"@id":"https:\/\/fteval.at\/en\/einladung-zum-seminar-und-workshop-futures-literacy-for-next-generation-ri-policy\/#primaryimage"},"thumbnailUrl":"https:\/\/fteval.at\/wp-content\/uploads\/2022\/07\/mjuhmgjvzy.png","datePublished":"2022-07-11T09:33:15+00:00","dateModified":"2022-07-11T09:34:18+00:00","author":{"@id":"https:\/\/fteval.at\/en\/#\/schema\/person\/9dd4b1f5a0df0fcbacbccda837f0b3d6"},"breadcrumb":{"@id":"https:\/\/fteval.at\/en\/einladung-zum-seminar-und-workshop-futures-literacy-for-next-generation-ri-policy\/#breadcrumb"},"inLanguage":"en-US","potentialAction":[{"@type":"ReadAction","target":["https:\/\/fteval.at\/en\/einladung-zum-seminar-und-workshop-futures-literacy-for-next-generation-ri-policy\/"]}]},{"@type":"ImageObject","inLanguage":"en-US","@id":"https:\/\/fteval.at\/en\/einladung-zum-seminar-und-workshop-futures-literacy-for-next-generation-ri-policy\/#primaryimage","url":"https:\/\/fteval.at\/wp-content\/uploads\/2022\/07\/mjuhmgjvzy.png","contentUrl":"https:\/\/fteval.at\/wp-content\/uploads\/2022\/07\/mjuhmgjvzy.png","width":198,"height":200},{"@type":"BreadcrumbList","@id":"https:\/\/fteval.at\/en\/einladung-zum-seminar-und-workshop-futures-literacy-for-next-generation-ri-policy\/#breadcrumb","itemListElement":[{"@type":"ListItem","position":1,"name":"Home","item":"https:\/\/fteval.at\/en\/"},{"@type":"ListItem","position":2,"name":"Invitation to seminar and workshop \u201eFutures Literacy for next-generation R&#038;I Policy\u201d"}]},{"@type":"WebSite","@id":"https:\/\/fteval.at\/en\/#website","url":"https:\/\/fteval.at\/en\/","name":"fteval","description":"Austrian Platform for Research and Technology Policy Evaluation","potentialAction":[{"@type":"SearchAction","target":{"@type":"EntryPoint","urlTemplate":"https:\/\/fteval.at\/en\/?s={search_term_string}"},"query-input":{"@type":"PropertyValueSpecification","valueRequired":true,"valueName":"search_term_string"}}],"inLanguage":"en-US"},{"@type":"Person","@id":"https:\/\/fteval.at\/en\/#\/schema\/person\/9dd4b1f5a0df0fcbacbccda837f0b3d6","name":"fteval_admin","sameAs":["https:\/\/dev.osulzer.at\/fteval"],"url":"https:\/\/fteval.at\/en\/author\/fteval_admin\/"}]}},"_links":{"self":[{"href":"https:\/\/fteval.at\/en\/wp-json\/wp\/v2\/posts\/3275","targetHints":{"allow":["GET"]}}],"collection":[{"href":"https:\/\/fteval.at\/en\/wp-json\/wp\/v2\/posts"}],"about":[{"href":"https:\/\/fteval.at\/en\/wp-json\/wp\/v2\/types\/post"}],"author":[{"embeddable":true,"href":"https:\/\/fteval.at\/en\/wp-json\/wp\/v2\/users\/1"}],"replies":[{"embeddable":true,"href":"https:\/\/fteval.at\/en\/wp-json\/wp\/v2\/comments?post=3275"}],"version-history":[{"count":1,"href":"https:\/\/fteval.at\/en\/wp-json\/wp\/v2\/posts\/3275\/revisions"}],"predecessor-version":[{"id":3276,"href":"https:\/\/fteval.at\/en\/wp-json\/wp\/v2\/posts\/3275\/revisions\/3276"}],"wp:featuredmedia":[{"embeddable":true,"href":"https:\/\/fteval.at\/en\/wp-json\/wp\/v2\/media\/3274"}],"wp:attachment":[{"href":"https:\/\/fteval.at\/en\/wp-json\/wp\/v2\/media?parent=3275"}],"wp:term":[{"taxonomy":"category","embeddable":true,"href":"https:\/\/fteval.at\/en\/wp-json\/wp\/v2\/categories?post=3275"},{"taxonomy":"post_tag","embeddable":true,"href":"https:\/\/fteval.at\/en\/wp-json\/wp\/v2\/tags?post=3275"}],"curies":[{"name":"wp","href":"https:\/\/api.w.org\/{rel}","templated":true}]}}